{"id":108,"date":"2017-05-01T00:32:11","date_gmt":"2017-04-30T22:32:11","guid":{"rendered":"http:\/\/ziemia.niepolomice.pl\/?p=108"},"modified":"2017-05-01T00:32:11","modified_gmt":"2017-04-30T22:32:11","slug":"refleksje-z-podrozy-na-alaske","status":"publish","type":"post","link":"http:\/\/ziemia.niepolomice.pl\/index.php\/2017\/05\/01\/refleksje-z-podrozy-na-alaske\/","title":{"rendered":"Refleksje z podr\u00f3\u017cy na Alask\u0119"},"content":{"rendered":"<p>Stowarzyszenie Mi\u0142o\u015bnik\u00f3w Ziemi Niepo\u0142omickiej oraz Fundacja Zamek Kr\u00f3lewski w Niepo\u0142omicach zapraszaj\u0105 na kolejny wyk\u0142ad UTW pt. \u201e<strong>Refleksje z podr\u00f3\u017cy na Alask\u0119<\/strong>\u201d, kt\u00f3ry wyg\u0142osi dr Maciej Andrzej Zar\u0119bski\u00a0 (O\u015brodek Regionalizmu \u015awi\u0119tokrzyskiego) <strong>w dniu 4 maja 2017 (czwartek) \u00a0o godz. 18.00 w Sali Konferencyjnej\u00a0 w Zamku Kr\u00f3lewskim<\/strong><\/p>\n<p>Dr M. Zar\u0119bski w specjalnym programie multimedialnym przedstawi najciekawsze momenty z podr\u00f3\u017cy szlakiem gor\u0105czki z\u0142ota na Alasce \u00a0oraz opowie o swojej przyja\u017ani z ministrem Adamem Bieniem, znanym pisarzem Wojciechem \u00a0\u017bukrowskim, polskim partyzantem rodem z Budziszyna Manfredem Zankerem, s\u0142ynnym podr\u00f3\u017cnikiem Stanis\u0142awem Szwarc -Bronikowskim, wybitnym aktorem Wojciechem Siemionem i innymi oraz \u00a0zaprezentuje ksi\u0105\u017cki Biblioteki \u015awi\u0119tokrzyskiej z lat 2013-2017 w tym w\u0142asne pozycje autorskie.<\/p>\n<p>Uczestnicy spotkania b\u0119d\u0105 mie\u0107 wyj\u0105tkow\u0105 okazj\u0119 zakupu ksi\u0105\u017cek dr\u00a0 M. A. Zar\u0119bskiego wprost od wydawcy m. in.: \u00a0<em>Kierunek Alaska, Okiem globtrotera, Dotkni\u0119cie Ameryki,<\/em> <em>\u00a0\u015aladami kultur prekolumbijskich, W krainie torbaczy i kiwi, Szlakiem wybranych dwor\u00f3w i pa\u0142ac\u00f3w Kielecczyzny, <\/em>\u00a0\u00a0\u00a0Dla ch\u0119tnych DEDYKACJE &#8211;\u00a0 AUTOGRAFY.<\/p>\n<p>Zapraszamy na kolejne spotkanie Niepo\u0142omickiego Uniwersytetu Trzeciego Wieku! Wst\u0119p jak zwykle jest bezp\u0142atny dla wszystkich ch\u0119tnych!<\/p>\n","protected":false},"excerpt":{"rendered":"<p>Stowarzyszenie Mi\u0142o\u015bnik\u00f3w Ziemi Niepo\u0142omickiej oraz Fundacja Zamek Kr\u00f3lewski w Niepo\u0142omicach zapraszaj\u0105 na kolejny wyk\u0142ad UTW pt. \u201eRefleksje z podr\u00f3\u017cy na Alask\u0119\u201d, kt\u00f3ry wyg\u0142osi dr Maciej Andrzej Zar\u0119bski\u00a0 (O\u015brodek Regionalizmu \u015awi\u0119tokrzyskiego) w dniu 4 maja 2017 (czwartek) \u00a0o godz. 18.00 w Sali Konferencyjnej\u00a0 w Zamku Kr\u00f3lewskim Dr M. Zar\u0119bski w specjalnym programie multimedialnym przedstawi najciekawsze momenty [&hellip;]<\/p>\n","protected":false},"author":2,"featured_media":0,"comment_status":"closed","ping_status":"closed","sticky":false,"template":"","format":"standard","meta":[],"categories":[3],"tags":[],"_links":{"self":[{"href":"http:\/\/ziemia.niepolomice.pl\/index.php\/wp-json\/wp\/v2\/posts\/108"}],"collection":[{"href":"http:\/\/ziemia.niepolomice.pl\/index.php\/wp-json\/wp\/v2\/posts"}],"about":[{"href":"http:\/\/ziemia.niepolomice.pl\/index.php\/wp-json\/wp\/v2\/types\/post"}],"author":[{"embeddable":true,"href":"http:\/\/ziemia.niepolomice.pl\/index.php\/wp-json\/wp\/v2\/users\/2"}],"replies":[{"embeddable":true,"href":"http:\/\/ziemia.niepolomice.pl\/index.php\/wp-json\/wp\/v2\/comments?post=108"}],"version-history":[{"count":1,"href":"http:\/\/ziemia.niepolomice.pl\/index.php\/wp-json\/wp\/v2\/posts\/108\/revisions"}],"predecessor-version":[{"id":109,"href":"http:\/\/ziemia.niepolomice.pl\/index.php\/wp-json\/wp\/v2\/posts\/108\/revisions\/109"}],"wp:attachment":[{"href":"http:\/\/ziemia.niepolomice.pl\/index.php\/wp-json\/wp\/v2\/media?parent=108"}],"wp:term":[{"taxonomy":"category","embeddable":true,"href":"http:\/\/ziemia.niepolomice.pl\/index.php\/wp-json\/wp\/v2\/categories?post=108"},{"taxonomy":"post_tag","embeddable":true,"href":"http:\/\/ziemia.niepolomice.pl\/index.php\/wp-json\/wp\/v2\/tags?post=108"}],"curies":[{"name":"wp","href":"https:\/\/api.w.org\/{rel}","templated":true}]}}