{"id":4678,"date":"2022-06-25T18:27:05","date_gmt":"2022-06-25T16:27:05","guid":{"rendered":"http:\/\/ziemia.niepolomice.pl\/?p=4678"},"modified":"2022-06-25T18:27:05","modified_gmt":"2022-06-25T16:27:05","slug":"dni-niepolomic","status":"publish","type":"post","link":"http:\/\/ziemia.niepolomice.pl\/index.php\/2022\/06\/25\/dni-niepolomic\/","title":{"rendered":"Dni Niepo\u0142omic"},"content":{"rendered":"<p>W dniach 24-26 czerwca 2022 r w Niepo\u0142omicach odbywaj\u0105 si\u0119 30 jubileuszowe Dni Niepo\u0142omic. Jest pi\u0119kna s\u0142oneczna pogoda, mn\u00f3stwo ludzi, ciekawy program, weso\u0142e miasteczko z Czech. A jak to wygl\u0105da\u0142o 30 lat temu, kiedy Dni Niepo\u0142omic nie otrzyma\u0142y jeszcze swojego numeru porz\u0105dkowego? Atmosfer\u0119 tamtych dni przypomina kaseta video nagrana w systemie SECAM przez Telewizj\u0119 Krak\u00f3w i skrz\u0119tnie przechowywana w zasobach archiwalnych Stowarzyszenia Mi\u0142o\u015bnik\u00f3w Ziemi Niepo\u0142omickiej. Ja tylko dokona\u0142em koniecznych skr\u00f3t\u00f3w (o po\u0142ow\u0119), SECAM zamieni\u0142em na PAL i wykona\u0142em mp4. Mo\u017ce kto\u015b si\u0119 rozpozna z tamtych lat?<\/p>\n<p>Mi\u0142ego ogl\u0105dania!\u00a0 \u00a0 Janusz Jag\u0142a<\/p>\n<p><iframe loading=\"lazy\"  id=\"_ytid_99080\"  width=\"625\" height=\"352\"  data-origwidth=\"625\" data-origheight=\"352\"  src=\"https:\/\/www.youtube.com\/embed\/ymjQGrqMd_g?enablejsapi=1&#038;autoplay=0&#038;cc_load_policy=0&#038;cc_lang_pref=&#038;iv_load_policy=1&#038;loop=0&#038;modestbranding=0&#038;rel=1&#038;fs=1&#038;playsinline=0&#038;autohide=2&#038;theme=dark&#038;color=red&#038;controls=1&#038;\" class=\"__youtube_prefs__  epyt-is-override  no-lazyload\" title=\"YouTube player\"  allow=\"autoplay; encrypted-media\" allowfullscreen data-no-lazy=\"1\" data-skipgform_ajax_framebjll=\"\"><\/iframe><\/p>\n","protected":false},"excerpt":{"rendered":"<p>W dniach 24-26 czerwca 2022 r w Niepo\u0142omicach odbywaj\u0105 si\u0119 30 jubileuszowe Dni Niepo\u0142omic. Jest pi\u0119kna s\u0142oneczna pogoda, mn\u00f3stwo ludzi, ciekawy program, weso\u0142e miasteczko z Czech. A jak to wygl\u0105da\u0142o 30 lat temu, kiedy Dni Niepo\u0142omic nie otrzyma\u0142y jeszcze swojego numeru porz\u0105dkowego? Atmosfer\u0119 tamtych dni przypomina kaseta video nagrana w systemie SECAM przez Telewizj\u0119 Krak\u00f3w [&hellip;]<\/p>\n","protected":false},"author":2,"featured_media":0,"comment_status":"closed","ping_status":"closed","sticky":false,"template":"","format":"standard","meta":[],"categories":[5],"tags":[],"_links":{"self":[{"href":"http:\/\/ziemia.niepolomice.pl\/index.php\/wp-json\/wp\/v2\/posts\/4678"}],"collection":[{"href":"http:\/\/ziemia.niepolomice.pl\/index.php\/wp-json\/wp\/v2\/posts"}],"about":[{"href":"http:\/\/ziemia.niepolomice.pl\/index.php\/wp-json\/wp\/v2\/types\/post"}],"author":[{"embeddable":true,"href":"http:\/\/ziemia.niepolomice.pl\/index.php\/wp-json\/wp\/v2\/users\/2"}],"replies":[{"embeddable":true,"href":"http:\/\/ziemia.niepolomice.pl\/index.php\/wp-json\/wp\/v2\/comments?post=4678"}],"version-history":[{"count":1,"href":"http:\/\/ziemia.niepolomice.pl\/index.php\/wp-json\/wp\/v2\/posts\/4678\/revisions"}],"predecessor-version":[{"id":4679,"href":"http:\/\/ziemia.niepolomice.pl\/index.php\/wp-json\/wp\/v2\/posts\/4678\/revisions\/4679"}],"wp:attachment":[{"href":"http:\/\/ziemia.niepolomice.pl\/index.php\/wp-json\/wp\/v2\/media?parent=4678"}],"wp:term":[{"taxonomy":"category","embeddable":true,"href":"http:\/\/ziemia.niepolomice.pl\/index.php\/wp-json\/wp\/v2\/categories?post=4678"},{"taxonomy":"post_tag","embeddable":true,"href":"http:\/\/ziemia.niepolomice.pl\/index.php\/wp-json\/wp\/v2\/tags?post=4678"}],"curies":[{"name":"wp","href":"https:\/\/api.w.org\/{rel}","templated":true}]}}