{"id":5065,"date":"2022-09-26T18:17:08","date_gmt":"2022-09-26T16:17:08","guid":{"rendered":"http:\/\/ziemia.niepolomice.pl\/?p=5065"},"modified":"2022-09-26T18:17:08","modified_gmt":"2022-09-26T16:17:08","slug":"zapraszamy-seniorow-na-zajecia-uniwersytetu-trzeciego-wieku","status":"publish","type":"post","link":"http:\/\/ziemia.niepolomice.pl\/index.php\/2022\/09\/26\/zapraszamy-seniorow-na-zajecia-uniwersytetu-trzeciego-wieku\/","title":{"rendered":"Zapraszamy senior\u00f3w na zaj\u0119cia Uniwersytetu Trzeciego Wieku !"},"content":{"rendered":"<p>Zapraszamy wszystkich ch\u0119tnych senior\u00f3w z Miasta i Gminy Niepo\u0142omice na Inauguracj\u0119 zaj\u0119\u0107 Niepo\u0142omickiego Uniwersytetu Trzeciego Wieku \u00a0w roku akademickim 2022\/2023 oraz wyk\u0142ad inauguracyjny dr nauk humanistycznych Wandy Matras.<\/p>\n<p><img loading=\"lazy\" class=\"alignnone size-large wp-image-5066\" src=\"http:\/\/ziemia.niepolomice.pl\/wp-content\/uploads\/2022\/09\/Plakat-UTW-6.10-dr-W.-Mastalerz-719x1024.jpg\" alt=\"\" width=\"625\" height=\"890\" srcset=\"http:\/\/ziemia.niepolomice.pl\/wp-content\/uploads\/2022\/09\/Plakat-UTW-6.10-dr-W.-Mastalerz-719x1024.jpg 719w, http:\/\/ziemia.niepolomice.pl\/wp-content\/uploads\/2022\/09\/Plakat-UTW-6.10-dr-W.-Mastalerz-211x300.jpg 211w, http:\/\/ziemia.niepolomice.pl\/wp-content\/uploads\/2022\/09\/Plakat-UTW-6.10-dr-W.-Mastalerz-768x1093.jpg 768w, http:\/\/ziemia.niepolomice.pl\/wp-content\/uploads\/2022\/09\/Plakat-UTW-6.10-dr-W.-Mastalerz-1079x1536.jpg 1079w, http:\/\/ziemia.niepolomice.pl\/wp-content\/uploads\/2022\/09\/Plakat-UTW-6.10-dr-W.-Mastalerz-1439x2048.jpg 1439w, http:\/\/ziemia.niepolomice.pl\/wp-content\/uploads\/2022\/09\/Plakat-UTW-6.10-dr-W.-Mastalerz-624x888.jpg 624w, http:\/\/ziemia.niepolomice.pl\/wp-content\/uploads\/2022\/09\/Plakat-UTW-6.10-dr-W.-Mastalerz.jpg 1528w\" sizes=\"(max-width: 625px) 100vw, 625px\" \/><\/p>\n","protected":false},"excerpt":{"rendered":"<p>Zapraszamy wszystkich ch\u0119tnych senior\u00f3w z Miasta i Gminy Niepo\u0142omice na Inauguracj\u0119 zaj\u0119\u0107 Niepo\u0142omickiego Uniwersytetu Trzeciego Wieku \u00a0w roku akademickim 2022\/2023 oraz wyk\u0142ad inauguracyjny dr nauk humanistycznych Wandy Matras.<\/p>\n","protected":false},"author":2,"featured_media":0,"comment_status":"closed","ping_status":"closed","sticky":false,"template":"","format":"standard","meta":[],"categories":[14],"tags":[],"_links":{"self":[{"href":"http:\/\/ziemia.niepolomice.pl\/index.php\/wp-json\/wp\/v2\/posts\/5065"}],"collection":[{"href":"http:\/\/ziemia.niepolomice.pl\/index.php\/wp-json\/wp\/v2\/posts"}],"about":[{"href":"http:\/\/ziemia.niepolomice.pl\/index.php\/wp-json\/wp\/v2\/types\/post"}],"author":[{"embeddable":true,"href":"http:\/\/ziemia.niepolomice.pl\/index.php\/wp-json\/wp\/v2\/users\/2"}],"replies":[{"embeddable":true,"href":"http:\/\/ziemia.niepolomice.pl\/index.php\/wp-json\/wp\/v2\/comments?post=5065"}],"version-history":[{"count":1,"href":"http:\/\/ziemia.niepolomice.pl\/index.php\/wp-json\/wp\/v2\/posts\/5065\/revisions"}],"predecessor-version":[{"id":5067,"href":"http:\/\/ziemia.niepolomice.pl\/index.php\/wp-json\/wp\/v2\/posts\/5065\/revisions\/5067"}],"wp:attachment":[{"href":"http:\/\/ziemia.niepolomice.pl\/index.php\/wp-json\/wp\/v2\/media?parent=5065"}],"wp:term":[{"taxonomy":"category","embeddable":true,"href":"http:\/\/ziemia.niepolomice.pl\/index.php\/wp-json\/wp\/v2\/categories?post=5065"},{"taxonomy":"post_tag","embeddable":true,"href":"http:\/\/ziemia.niepolomice.pl\/index.php\/wp-json\/wp\/v2\/tags?post=5065"}],"curies":[{"name":"wp","href":"https:\/\/api.w.org\/{rel}","templated":true}]}}