{"id":5428,"date":"2023-01-22T10:36:22","date_gmt":"2023-01-22T09:36:22","guid":{"rendered":"http:\/\/ziemia.niepolomice.pl\/?p=5428"},"modified":"2023-01-22T10:36:22","modified_gmt":"2023-01-22T09:36:22","slug":"jan-wojdak-w-zyciu-na-goraco","status":"publish","type":"post","link":"http:\/\/ziemia.niepolomice.pl\/index.php\/2023\/01\/22\/jan-wojdak-w-zyciu-na-goraco\/","title":{"rendered":"Jan Wojdak w &#8222;\u017byciu na gor\u0105co&#8221;"},"content":{"rendered":"<p>Mi\u0142o nam poinformowa\u0107 mieszka\u0144c\u00f3w Niepo\u0142omic, \u017ce Jan Wojdak &#8211; lider zespo\u0142u &#8222;Wawele&#8221; w wywiadzie udzielonym czasopismu &#8222;Zycie na gor\u0105co&#8221; przyzna\u0142, \u017ce urodzi\u0142 si\u0119 w Niepo\u0142omicach i tu sp\u0119dzi\u0142 dzieci\u0144stwo. Janek jest cz\u0142onkiem naszego Stowarzyszenia Mi\u0142o\u015bnik\u00f3w Ziemi Niepo\u0142omickiej, od w\u0142adz Miasta otrzyma\u0142 odznak\u0119 &#8222;Zas\u0142u\u017cony dla Miasta Niepo\u0142omice&#8221;, bywa cz\u0119sto w Niepo\u0142omicach, nagrywa tu programy telewizyjne, ma tu wielu przyjaci\u00f3\u0142 i znajomych. Oto kika fotek z ostatniego numeru tygodnika &#8222;\u017bycie na gor\u0105co&#8221;<\/p>\n<p><img loading=\"lazy\" class=\"alignnone size-full wp-image-5429\" src=\"http:\/\/ziemia.niepolomice.pl\/wp-content\/uploads\/2023\/01\/1.jpg\" alt=\"\" width=\"800\" height=\"450\" srcset=\"http:\/\/ziemia.niepolomice.pl\/wp-content\/uploads\/2023\/01\/1.jpg 800w, http:\/\/ziemia.niepolomice.pl\/wp-content\/uploads\/2023\/01\/1-300x169.jpg 300w, http:\/\/ziemia.niepolomice.pl\/wp-content\/uploads\/2023\/01\/1-768x432.jpg 768w, http:\/\/ziemia.niepolomice.pl\/wp-content\/uploads\/2023\/01\/1-624x351.jpg 624w\" sizes=\"(max-width: 800px) 100vw, 800px\" \/> <img loading=\"lazy\" class=\"alignnone size-full wp-image-5430\" src=\"http:\/\/ziemia.niepolomice.pl\/wp-content\/uploads\/2023\/01\/800x600-foto-1.jpg\" alt=\"\" width=\"800\" height=\"450\" srcset=\"http:\/\/ziemia.niepolomice.pl\/wp-content\/uploads\/2023\/01\/800x600-foto-1.jpg 800w, http:\/\/ziemia.niepolomice.pl\/wp-content\/uploads\/2023\/01\/800x600-foto-1-300x169.jpg 300w, http:\/\/ziemia.niepolomice.pl\/wp-content\/uploads\/2023\/01\/800x600-foto-1-768x432.jpg 768w, http:\/\/ziemia.niepolomice.pl\/wp-content\/uploads\/2023\/01\/800x600-foto-1-624x351.jpg 624w\" sizes=\"(max-width: 800px) 100vw, 800px\" \/> <img loading=\"lazy\" class=\"alignnone size-full wp-image-5431\" src=\"http:\/\/ziemia.niepolomice.pl\/wp-content\/uploads\/2023\/01\/800x600-foto-2.jpg\" alt=\"\" width=\"800\" height=\"450\" srcset=\"http:\/\/ziemia.niepolomice.pl\/wp-content\/uploads\/2023\/01\/800x600-foto-2.jpg 800w, http:\/\/ziemia.niepolomice.pl\/wp-content\/uploads\/2023\/01\/800x600-foto-2-300x169.jpg 300w, http:\/\/ziemia.niepolomice.pl\/wp-content\/uploads\/2023\/01\/800x600-foto-2-768x432.jpg 768w, http:\/\/ziemia.niepolomice.pl\/wp-content\/uploads\/2023\/01\/800x600-foto-2-624x351.jpg 624w\" sizes=\"(max-width: 800px) 100vw, 800px\" \/><\/p>\n","protected":false},"excerpt":{"rendered":"<p>Mi\u0142o nam poinformowa\u0107 mieszka\u0144c\u00f3w Niepo\u0142omic, \u017ce Jan Wojdak &#8211; lider zespo\u0142u &#8222;Wawele&#8221; w wywiadzie udzielonym czasopismu &#8222;Zycie na gor\u0105co&#8221; przyzna\u0142, \u017ce urodzi\u0142 si\u0119 w Niepo\u0142omicach i tu sp\u0119dzi\u0142 dzieci\u0144stwo. Janek jest cz\u0142onkiem naszego Stowarzyszenia Mi\u0142o\u015bnik\u00f3w Ziemi Niepo\u0142omickiej, od w\u0142adz Miasta otrzyma\u0142 odznak\u0119 &#8222;Zas\u0142u\u017cony dla Miasta Niepo\u0142omice&#8221;, bywa cz\u0119sto w Niepo\u0142omicach, nagrywa tu programy telewizyjne, ma [&hellip;]<\/p>\n","protected":false},"author":2,"featured_media":0,"comment_status":"closed","ping_status":"closed","sticky":false,"template":"","format":"standard","meta":[],"categories":[4],"tags":[],"_links":{"self":[{"href":"http:\/\/ziemia.niepolomice.pl\/index.php\/wp-json\/wp\/v2\/posts\/5428"}],"collection":[{"href":"http:\/\/ziemia.niepolomice.pl\/index.php\/wp-json\/wp\/v2\/posts"}],"about":[{"href":"http:\/\/ziemia.niepolomice.pl\/index.php\/wp-json\/wp\/v2\/types\/post"}],"author":[{"embeddable":true,"href":"http:\/\/ziemia.niepolomice.pl\/index.php\/wp-json\/wp\/v2\/users\/2"}],"replies":[{"embeddable":true,"href":"http:\/\/ziemia.niepolomice.pl\/index.php\/wp-json\/wp\/v2\/comments?post=5428"}],"version-history":[{"count":1,"href":"http:\/\/ziemia.niepolomice.pl\/index.php\/wp-json\/wp\/v2\/posts\/5428\/revisions"}],"predecessor-version":[{"id":5432,"href":"http:\/\/ziemia.niepolomice.pl\/index.php\/wp-json\/wp\/v2\/posts\/5428\/revisions\/5432"}],"wp:attachment":[{"href":"http:\/\/ziemia.niepolomice.pl\/index.php\/wp-json\/wp\/v2\/media?parent=5428"}],"wp:term":[{"taxonomy":"category","embeddable":true,"href":"http:\/\/ziemia.niepolomice.pl\/index.php\/wp-json\/wp\/v2\/categories?post=5428"},{"taxonomy":"post_tag","embeddable":true,"href":"http:\/\/ziemia.niepolomice.pl\/index.php\/wp-json\/wp\/v2\/tags?post=5428"}],"curies":[{"name":"wp","href":"https:\/\/api.w.org\/{rel}","templated":true}]}}