{"id":7878,"date":"2026-02-27T16:42:39","date_gmt":"2026-02-27T15:42:39","guid":{"rendered":"http:\/\/ziemia.niepolomice.pl\/?p=7878"},"modified":"2026-04-26T00:29:08","modified_gmt":"2026-04-25T22:29:08","slug":"terminarz-wykladow-utw","status":"publish","type":"post","link":"http:\/\/ziemia.niepolomice.pl\/index.php\/2026\/02\/27\/terminarz-wykladow-utw\/","title":{"rendered":"Terminarz wyk\u0142ad\u00f3w UTW &#8211; wiosna 2026"},"content":{"rendered":"<p style=\"text-align: center;\"><span style=\"font-size: 12pt;\"><strong>Stowarzyszenie Mi\u0142o\u015bnik\u00f3w Ziemi Niepo\u0142omickiej<\/strong><\/span><br \/>\n<span style=\"font-size: 12pt;\"><strong>Ma\u0142opolskie Centrum D\u017awi\u0119ku i S\u0142owa<\/strong><\/span><br \/>\n<span style=\"font-size: 12pt;\"><strong>Biblioteka Publiczna w Niepo\u0142omicach<\/strong><\/span><\/p>\n<p style=\"text-align: center;\"><span style=\"font-size: 12pt;\"><strong>Kontynuujemy 18 rok wyk\u0142ad\u00f3w na<\/strong><\/span><br \/>\n<span style=\"font-size: 12pt;\"><strong>Uniwersytecie Trzeciego Wieku <\/strong><\/span><br \/>\n<span style=\"font-size: 12pt;\"><strong>w Niepo\u0142omicach.<\/strong><\/span><\/p>\n<p style=\"text-align: center;\"><span style=\"font-size: 14pt;\"><strong>Oto terminy wyk\u0142ad\u00f3w w semestrze wiosennym w roku 2026:<\/strong><\/span><\/p>\n<p style=\"text-align: center;\"><span style=\"font-size: 12pt;\"><strong>* 5 marca 2026<\/strong><strong> (czwartek, godz. 18.00),<\/strong><\/span><br \/>\n<span style=\"font-size: 12pt;\"><strong>* 19 marca 2026 (czwartek, godz. 18.00),<\/strong><\/span><br \/>\n<span style=\"font-size: 12pt;\"><strong>* 26 marca 2026 (czwartek, godz. 18.00),<\/strong><\/span><br \/>\n<span style=\"font-size: 12pt;\"><strong>* 19 kwietnia 2026 (czwartek, godz. 18.00),<\/strong><\/span><br \/>\n<span style=\"font-size: 12pt;\"><strong>* 30 kwietnia 2026 (czwartek, godz. 18.00),<\/strong><\/span><br \/>\n<span style=\"font-size: 12pt;\"><strong>* 14 maja 2026 (czwartek, godz. 18.00),<\/strong><\/span><br \/>\n<span style=\"font-size: 12pt;\"><strong>* 28 maja 2026 (czwartek, godz. 18.00),<\/strong><\/span><br \/>\n<span style=\"font-size: 12pt;\"><strong>* 10 czerwca 2026 (\u015broda, godz. 18.00),<\/strong><\/span><br \/>\n<span style=\"font-size: 12pt;\"><strong>* 25 czerwca 2026 (czwartek, godz. 18.00),<\/strong><\/span><\/p>\n<p style=\"text-align: center;\"><span style=\"font-size: 14pt;\"><strong>Wszystkie wyk\u0142ady odb\u0119d\u0105 si\u0119 w sali teatralnej <\/strong><\/span><\/p>\n<p style=\"text-align: center;\"><span style=\"font-size: 14pt;\"><strong>Ma\u0142opolskiego Centrum D\u017awi\u0119ku i S\u0142owa<\/strong><\/span><br \/>\n<span style=\"font-size: 14pt;\"><strong>przy ul. Zamkowej 4<\/strong><\/span><\/p>\n<p style=\"text-align: center;\"><span style=\"font-size: 18pt;\"><strong>(Szczeg\u00f3\u0142y na plakatach)<\/strong><\/span><\/p>\n","protected":false},"excerpt":{"rendered":"<p>Stowarzyszenie Mi\u0142o\u015bnik\u00f3w Ziemi Niepo\u0142omickiej Ma\u0142opolskie Centrum D\u017awi\u0119ku i S\u0142owa Biblioteka Publiczna w Niepo\u0142omicach Kontynuujemy 18 rok wyk\u0142ad\u00f3w na Uniwersytecie Trzeciego Wieku w Niepo\u0142omicach. Oto terminy wyk\u0142ad\u00f3w w semestrze wiosennym w roku 2026: * 5 marca 2026 (czwartek, godz. 18.00), * 19 marca 2026 (czwartek, godz. 18.00), * 26 marca 2026 (czwartek, godz. 18.00), * 19 [&hellip;]<\/p>\n","protected":false},"author":2,"featured_media":0,"comment_status":"closed","ping_status":"closed","sticky":false,"template":"","format":"standard","meta":[],"categories":[28],"tags":[],"_links":{"self":[{"href":"http:\/\/ziemia.niepolomice.pl\/index.php\/wp-json\/wp\/v2\/posts\/7878"}],"collection":[{"href":"http:\/\/ziemia.niepolomice.pl\/index.php\/wp-json\/wp\/v2\/posts"}],"about":[{"href":"http:\/\/ziemia.niepolomice.pl\/index.php\/wp-json\/wp\/v2\/types\/post"}],"author":[{"embeddable":true,"href":"http:\/\/ziemia.niepolomice.pl\/index.php\/wp-json\/wp\/v2\/users\/2"}],"replies":[{"embeddable":true,"href":"http:\/\/ziemia.niepolomice.pl\/index.php\/wp-json\/wp\/v2\/comments?post=7878"}],"version-history":[{"count":4,"href":"http:\/\/ziemia.niepolomice.pl\/index.php\/wp-json\/wp\/v2\/posts\/7878\/revisions"}],"predecessor-version":[{"id":7949,"href":"http:\/\/ziemia.niepolomice.pl\/index.php\/wp-json\/wp\/v2\/posts\/7878\/revisions\/7949"}],"wp:attachment":[{"href":"http:\/\/ziemia.niepolomice.pl\/index.php\/wp-json\/wp\/v2\/media?parent=7878"}],"wp:term":[{"taxonomy":"category","embeddable":true,"href":"http:\/\/ziemia.niepolomice.pl\/index.php\/wp-json\/wp\/v2\/categories?post=7878"},{"taxonomy":"post_tag","embeddable":true,"href":"http:\/\/ziemia.niepolomice.pl\/index.php\/wp-json\/wp\/v2\/tags?post=7878"}],"curies":[{"name":"wp","href":"https:\/\/api.w.org\/{rel}","templated":true}]}}